{"id":1230,"date":"2021-10-27T23:25:42","date_gmt":"2021-10-27T21:25:42","guid":{"rendered":"http:\/\/www.windroesli.ch\/wordp\/?p=1230"},"modified":"2021-10-27T23:35:16","modified_gmt":"2021-10-27T21:35:16","slug":"apv-fondue","status":"publish","type":"post","link":"https:\/\/windroesli.ch\/wordp\/?p=1230","title":{"rendered":"APV Fondue 2021 &#8211; Anmelden bis 01.11"},"content":{"rendered":"\n<p>&nbsp;<\/p>\n<table style=\"border-collapse: collapse; width: 100%;\">\n<tbody>\n<tr>\n<td style=\"width: 33.3333%;\">\n<p><strong>Wi-R\u00f6-Laubh\u00fctten Fondue<\/strong> <br>Ort: Rebacher <br>Zeit: 11: 00 &#8211; 14:00<\/p>\n<\/td>\n<td style=\"width: 33.3333%;\">\n<p><strong>Wi-R\u00f6-Drinne-Fondue<\/strong> <br>Ort: Rebacher <br>Zeit: 17:00 &#8211; 21:00<\/p>\n<\/td>\n<td style=\"width: 33.3333%;\">\n<p><strong>Wi-R\u00f6-Dusse-Fondue<\/strong> <br>Ort: Rebacher <br>Zeit: ab 10:00<\/p>\n<\/td>\n<\/tr>\n<\/tbody>\n<\/table>\n<p>Anmelden bis 1.11.2021 an Andrea Ceschia: andrea.ceschia @ base4kids.ch<br>Oder<br>Andrea Ceschia Mohnstrasse 90 3084 Wabern<\/p>\n<p>Bitte bei der Anmeldung angeben, ob unser Taxidienst Laupen Bahnhof \u2013 Rebacher und retour ben\u00f6tigt wird.<\/p>\n\n\n\n<figure class=\"wp-block-image size-large is-resized\"><img loading=\"lazy\" decoding=\"async\" src=\"https:\/\/windroesli.ch\/wordp\/wp-content\/uploads\/2021\/10\/APV-Fondue-1024x856.jpg\" alt=\"\" class=\"wp-image-1231\" width=\"614\" height=\"513\" srcset=\"https:\/\/windroesli.ch\/wordp\/wp-content\/uploads\/2021\/10\/APV-Fondue-1024x856.jpg 1024w, https:\/\/windroesli.ch\/wordp\/wp-content\/uploads\/2021\/10\/APV-Fondue-300x251.jpg 300w, https:\/\/windroesli.ch\/wordp\/wp-content\/uploads\/2021\/10\/APV-Fondue-768x642.jpg 768w, https:\/\/windroesli.ch\/wordp\/wp-content\/uploads\/2021\/10\/APV-Fondue-323x270.jpg 323w, https:\/\/windroesli.ch\/wordp\/wp-content\/uploads\/2021\/10\/APV-Fondue.jpg 1228w\" sizes=\"auto, (max-width: 614px) 100vw, 614px\" \/><\/figure>\n\n\n\n<p><strong>Schutzkonzept: <\/strong><\/p>\n<p>Der Vorstand hat soeben entschieden, dass f\u00fcr alle WiR\u00f6 APV-Anl\u00e4sse die Zertifikatsplicht (3 G\u2019s: genesen, getestet, geimpft) gilt, welche zu Beginn kontrolliert wird. Bitte neben Zertifikat amtlichen Ausweis mitbringen. Anschliessend keine Maskentragpflicht mehr.<\/p>\n\n\n","protected":false},"excerpt":{"rendered":"<p>&nbsp; Wi-R\u00f6-Laubh\u00fctten Fondue Ort: Rebacher Zeit: 11: 00 &#8211; 14:00 Wi-R\u00f6-Drinne-Fondue Ort: Rebacher Zeit: 17:00 &#8211; 21:00 Wi-R\u00f6-Dusse-Fondue Ort: Rebacher Zeit: ab 10:00 Anmelden bis 1.11.2021 an Andrea Ceschia: andrea.ceschia @ base4kids.chOderAndrea Ceschia Mohnstrasse 90 3084 Wabern Bitte bei der&hellip;&nbsp;<a href=\"https:\/\/windroesli.ch\/wordp\/?p=1230\" class=\"more-link\">Weiter lesen<\/a><\/p>\n","protected":false},"author":3,"featured_media":0,"comment_status":"closed","ping_status":"closed","sticky":false,"template":"","format":"standard","meta":{"footnotes":""},"categories":[9,1],"tags":[],"class_list":["post-1230","post","type-post","status-publish","format-standard","hentry","category-apv","category-uncategorized"],"_links":{"self":[{"href":"https:\/\/windroesli.ch\/wordp\/index.php?rest_route=\/wp\/v2\/posts\/1230","targetHints":{"allow":["GET"]}}],"collection":[{"href":"https:\/\/windroesli.ch\/wordp\/index.php?rest_route=\/wp\/v2\/posts"}],"about":[{"href":"https:\/\/windroesli.ch\/wordp\/index.php?rest_route=\/wp\/v2\/types\/post"}],"author":[{"embeddable":true,"href":"https:\/\/windroesli.ch\/wordp\/index.php?rest_route=\/wp\/v2\/users\/3"}],"replies":[{"embeddable":true,"href":"https:\/\/windroesli.ch\/wordp\/index.php?rest_route=%2Fwp%2Fv2%2Fcomments&post=1230"}],"version-history":[{"count":4,"href":"https:\/\/windroesli.ch\/wordp\/index.php?rest_route=\/wp\/v2\/posts\/1230\/revisions"}],"predecessor-version":[{"id":1319,"href":"https:\/\/windroesli.ch\/wordp\/index.php?rest_route=\/wp\/v2\/posts\/1230\/revisions\/1319"}],"wp:attachment":[{"href":"https:\/\/windroesli.ch\/wordp\/index.php?rest_route=%2Fwp%2Fv2%2Fmedia&parent=1230"}],"wp:term":[{"taxonomy":"category","embeddable":true,"href":"https:\/\/windroesli.ch\/wordp\/index.php?rest_route=%2Fwp%2Fv2%2Fcategories&post=1230"},{"taxonomy":"post_tag","embeddable":true,"href":"https:\/\/windroesli.ch\/wordp\/index.php?rest_route=%2Fwp%2Fv2%2Ftags&post=1230"}],"curies":[{"name":"wp","href":"https:\/\/api.w.org\/{rel}","templated":true}]}}