{"id":765,"date":"2018-06-24T18:36:14","date_gmt":"2018-06-24T16:36:14","guid":{"rendered":"http:\/\/windroesli.ch\/?p=765"},"modified":"2018-06-24T18:38:04","modified_gmt":"2018-06-24T16:38:04","slug":"windroesli-step3-und-leitpfadikurs-2018","status":"publish","type":"post","link":"https:\/\/windroesli.ch\/wordp\/?p=765","title":{"rendered":"Windr\u00f6sli Step3- und Leitpfadikurs 2018"},"content":{"rendered":"<p>Wie ihr vielleicht bereits geh\u00f6rt habt, findet in den Herbstferien vom 06.-13. Oktober das diesj\u00e4hrige Windr\u00f6sli-Ausbildungslager statt. Die <a href=\"http:\/\/windroesli.ch\/wordp\/wp-content\/uploads\/2018\/06\/PFAD_Anlaesse_Anmeldung_WindroesliKurs2018_Einl_2018_06_24.pdf\">Einladung dazu findest du hier<\/a>. Sprich dich mit deinen Leitenden ab, f\u00fcr welchen Kurs du dich am besten anmeldest. Das Leitungsteam freut sich auf dich \ud83d\ude42<\/p>\n","protected":false},"excerpt":{"rendered":"<p>Wie ihr vielleicht bereits geh\u00f6rt habt, findet in den Herbstferien vom 06.-13. Oktober das diesj\u00e4hrige Windr\u00f6sli-Ausbildungslager statt. Die Einladung dazu findest du hier. Sprich dich mit deinen Leitenden ab, f\u00fcr welchen Kurs du dich am besten anmeldest. Das Leitungsteam freut&hellip;&nbsp;<a href=\"https:\/\/windroesli.ch\/wordp\/?p=765\" class=\"more-link\">Weiter lesen<\/a><\/p>\n","protected":false},"author":4,"featured_media":0,"comment_status":"closed","ping_status":"closed","sticky":false,"template":"","format":"standard","meta":{"footnotes":""},"categories":[8],"tags":[],"class_list":["post-765","post","type-post","status-publish","format-standard","hentry","category-corps-windroesli"],"_links":{"self":[{"href":"https:\/\/windroesli.ch\/wordp\/index.php?rest_route=\/wp\/v2\/posts\/765","targetHints":{"allow":["GET"]}}],"collection":[{"href":"https:\/\/windroesli.ch\/wordp\/index.php?rest_route=\/wp\/v2\/posts"}],"about":[{"href":"https:\/\/windroesli.ch\/wordp\/index.php?rest_route=\/wp\/v2\/types\/post"}],"author":[{"embeddable":true,"href":"https:\/\/windroesli.ch\/wordp\/index.php?rest_route=\/wp\/v2\/users\/4"}],"replies":[{"embeddable":true,"href":"https:\/\/windroesli.ch\/wordp\/index.php?rest_route=%2Fwp%2Fv2%2Fcomments&post=765"}],"version-history":[{"count":4,"href":"https:\/\/windroesli.ch\/wordp\/index.php?rest_route=\/wp\/v2\/posts\/765\/revisions"}],"predecessor-version":[{"id":769,"href":"https:\/\/windroesli.ch\/wordp\/index.php?rest_route=\/wp\/v2\/posts\/765\/revisions\/769"}],"wp:attachment":[{"href":"https:\/\/windroesli.ch\/wordp\/index.php?rest_route=%2Fwp%2Fv2%2Fmedia&parent=765"}],"wp:term":[{"taxonomy":"category","embeddable":true,"href":"https:\/\/windroesli.ch\/wordp\/index.php?rest_route=%2Fwp%2Fv2%2Fcategories&post=765"},{"taxonomy":"post_tag","embeddable":true,"href":"https:\/\/windroesli.ch\/wordp\/index.php?rest_route=%2Fwp%2Fv2%2Ftags&post=765"}],"curies":[{"name":"wp","href":"https:\/\/api.w.org\/{rel}","templated":true}]}}