{"id":960,"date":"2020-05-19T12:19:04","date_gmt":"2020-05-19T10:19:04","guid":{"rendered":"http:\/\/www.windroesli.ch\/wordp\/?p=960"},"modified":"2020-06-24T16:41:07","modified_gmt":"2020-06-24T14:41:07","slug":"weiteres-vorgehen-des-wiroe-apv-im-corona-jahr-2020","status":"publish","type":"post","link":"https:\/\/windroesli.ch\/wordp\/?p=960","title":{"rendered":"Weiteres Vorgehen des WiR\u00f6-APV im Corona-Jahr 2020"},"content":{"rendered":"\n<p><\/p>\n\n\n\n<p>Wir sind noch nicht mal in der H\u00e4lfte des Jahres 2020 angekommen, und trotzdem wird das Jahr 2020 als &#8222;Corona-Jahr&#8220; in die Geschichte eingehen. Die neue Situation erfordert von allen Mithilfe und Flexibilit\u00e4t und nat\u00fcrlich sind auch die geplanten Aktivit\u00e4ten des APV davon betroffen. Das weitere Vorgehen des APV f\u00fcr das Jahr 2020 sieht folgendermassen aus: <\/p>\n\n\n\n<ul class=\"wp-block-list\"><li>Das <strong>Aareschw\u00fcmme <\/strong>vom 9. Juli findet statt, bitte anmelden (<a href=\"mailto:andrea.ceschia@base4kids.ch\">andrea.ceschia@base4kids.ch<\/a>), um kurzfristige Informationen kommunizieren zu k\u00f6nnen.<\/li><li><strong>APV-Stamm<\/strong> vom 8. August: Bei Interesse bitte anmelden (<a href=\"mailto:krebs.obw13@bluewin.ch\">krebs.obw13@bluewin.ch<\/a>), Orientierung folgt eine Woche vor dem Anlass.<\/li><li><strong>APV-Ausflug<\/strong> vom 2. September: Bei Interesse bitte anmelden (<a href=\"mailto:jhkoenitzer@bluewin.ch\">jhkoenitzer@bluewin.ch<\/a>), Orientierung folgt eine Woche vor dem Anlass.<\/li><li><strong>Lagerf\u00fc\u00fcr <\/strong>auf der Grasburg vom 11. September: Bei Interesse bitte anmelden (<a href=\"mailto:andrea.ceschia@base4kids.ch\">andrea.ceschia@base4kids.ch<\/a>), Orientierung folgt eine Woche vor dem Anlass.<\/li><li><strong>APV-Stamm <\/strong>vom 10. Oktober: bei Interesse bitte anmelden (<a href=\"mailto:krebs.obw13@bluewin.ch\">krebs.obw13@bluewin.ch<\/a>), Orientierung folgt eine Woche vor dem Anlass.<\/li><li>Das <strong>Fondue <\/strong>vom 7. November sollte stattfinden. Bei Interesse bitte anmelden (<a href=\"mailto:andrea.ceschia@base4kids.ch\">andrea.ceschia@base4kids.ch<\/a>), Orientierung folgt eine Woche vor dem Anlass. (Es wird sich unterscheiden zu den fr\u00fcheren,\u00a0 Anpassung je nach Corona-Situation).<\/li><\/ul>\n\n\n\n<p>Wir k\u00f6nnen es kaum erwarten, euch bald wieder bei unseren Aktivit\u00e4ten begr\u00fcssen zu d\u00fcrfen, und hoffen, dass alle gesund bleiben! <\/p>\n\n\n\n<p style=\"font-size:-1px\">(Akutalisiert am 24.06.2020)<\/p>\n\n\n","protected":false},"excerpt":{"rendered":"<p>Wir sind noch nicht mal in der H\u00e4lfte des Jahres 2020 angekommen, und trotzdem wird das Jahr 2020 als &#8222;Corona-Jahr&#8220; in die Geschichte eingehen. Die neue Situation erfordert von allen Mithilfe und Flexibilit\u00e4t und nat\u00fcrlich sind auch die geplanten Aktivit\u00e4ten des APV davon betroffen. Das weitere Vorgehen des APV f\u00fcr das Jahr 2020 sieht folgendermassen aus: <\/p>\n","protected":false},"author":4,"featured_media":0,"comment_status":"closed","ping_status":"closed","sticky":true,"template":"","format":"standard","meta":{"footnotes":""},"categories":[9,7],"tags":[],"class_list":["post-960","post","type-post","status-publish","format-standard","hentry","category-apv","category-news"],"_links":{"self":[{"href":"https:\/\/windroesli.ch\/wordp\/index.php?rest_route=\/wp\/v2\/posts\/960","targetHints":{"allow":["GET"]}}],"collection":[{"href":"https:\/\/windroesli.ch\/wordp\/index.php?rest_route=\/wp\/v2\/posts"}],"about":[{"href":"https:\/\/windroesli.ch\/wordp\/index.php?rest_route=\/wp\/v2\/types\/post"}],"author":[{"embeddable":true,"href":"https:\/\/windroesli.ch\/wordp\/index.php?rest_route=\/wp\/v2\/users\/4"}],"replies":[{"embeddable":true,"href":"https:\/\/windroesli.ch\/wordp\/index.php?rest_route=%2Fwp%2Fv2%2Fcomments&post=960"}],"version-history":[{"count":6,"href":"https:\/\/windroesli.ch\/wordp\/index.php?rest_route=\/wp\/v2\/posts\/960\/revisions"}],"predecessor-version":[{"id":1056,"href":"https:\/\/windroesli.ch\/wordp\/index.php?rest_route=\/wp\/v2\/posts\/960\/revisions\/1056"}],"wp:attachment":[{"href":"https:\/\/windroesli.ch\/wordp\/index.php?rest_route=%2Fwp%2Fv2%2Fmedia&parent=960"}],"wp:term":[{"taxonomy":"category","embeddable":true,"href":"https:\/\/windroesli.ch\/wordp\/index.php?rest_route=%2Fwp%2Fv2%2Fcategories&post=960"},{"taxonomy":"post_tag","embeddable":true,"href":"https:\/\/windroesli.ch\/wordp\/index.php?rest_route=%2Fwp%2Fv2%2Ftags&post=960"}],"curies":[{"name":"wp","href":"https:\/\/api.w.org\/{rel}","templated":true}]}}